{"id":48,"date":"2008-10-29T08:16:44","date_gmt":"2008-10-29T12:16:44","guid":{"rendered":"http:\/\/trcris.com\/blog\/?p=48"},"modified":"2008-10-29T08:16:44","modified_gmt":"2008-10-29T12:16:44","slug":"romania-immigrazione-e-lavoro-in-italia","status":"publish","type":"post","link":"https:\/\/www.trcris.com\/blog\/archives\/48","title":{"rendered":"Romania. Immigrazione e lavoro in Italia"},"content":{"rendered":"<p class=\"MsoNormal\" style=\"margin: 0cm 0cm 0pt; line-height: normal; text-align: justify;\"><span style=\"font-size: 10pt; font-family: &quot;Arial&quot;,&quot;sans-serif&quot;;\">Ieri, 28.10.2008, la Caritas italiana a presentato, presso il Ministero degli Esteri a Bucarest un volume intitolato \u201cRomania. Immigrazione e lavoro in Italia\u201d, volume che contiene statistiche, problemi e prospettive dei romeni in Italia. <\/span><\/p>\n<p class=\"MsoNormal\" style=\"margin: 0cm 0cm 0pt; line-height: normal; text-align: justify;\"><span style=\"font-size: 10pt; font-family: &quot;Arial&quot;,&quot;sans-serif&quot;;\">\u00a0<\/span><\/p>\n<p class=\"MsoNormal\" style=\"margin: 0cm 0cm 0pt; line-height: normal; text-align: justify;\"><span style=\"font-size: 10pt; font-family: &quot;Arial&quot;,&quot;sans-serif&quot;;\">\u201cSe nel &#8217;90 in Italia c&#8217;erano solo 8.000 romeni, nel giro di 17 anni sono centuplicati, arrivando a 1.016.000 il 31 dicembre 2007, su quattro milioni di stranieri. Il 73,7% dei romeni \u00e8 in Italia per motivi di lavoro, il 23,5% di famiglia e il 2% per altri motivi. Come ripartizione geografica, il Lazio si piazza al primo posto, con 200.000 romeni, seguito da Lombardia (160.000) e Piemonte (130.000). &#8220;Il lavoro accelera la loro integrazione sociale&#8221;, ha detto all&#8217;ANSA Antonio Ricci, uno degli autori del volume. Altro indice di inserimento sociale sono i circa 160.000 bambini, di cui il 20-30% nati in Italia. &#8220;Di questo milione, i rom sono circa il 5-10% e i primi risultati del censimento in corso danno cifre inferiori di quelle di stampa e politici&#8221;, ha detto Ricci.<br \/>\nI romeni lavorano prevalentemente nell&#8217;edilizia e assistenza alle famiglie ma in Italia ci sono 6.000 romeni imprenditori. &#8220;Al di l\u00e0 di alcuni episodi citati dalla stampa, nella vita quotidiana l&#8217;inserimento dei romeni credo sia avvenuto con successo&#8221;, ha spiegato Padre Livio Corazza, direttore del Servizio Europa di Caritas Italiana.<br \/>\nIl volume presentato \u00e8 il terzo dedicato da Caritas Italiana all&#8217;immigrazione dall&#8217;Est Europa. &#8220;Il rapporto della Caritas Italiana sar\u00e0 un utile strumento per comprendere meglio come procede l&#8217;integrazione della vasta comunit\u00e0 romena in Italia&#8221;, ha detto l&#8217;ambasciatore d&#8217;Italia Mario Cospito, ricordando che <em style=\"mso-bidi-font-style: normal;\">tra ottobre 2007 e settembre 2008 la comunit\u00e0 romena in Italia \u00e8 aumentata di 184.000 unit\u00e0<\/em>. A sua volta, il sottosegretario agli Esteri per i romeni nel mondo Mihai Gheorghiu ha sottolineato gli ottimi rapporti tra la Chiesa ortodossa romena e la Chiesa cattolica. Nel volume si sostiene che in futuro l&#8217;Italia continuer\u00e0 ad essere Paese di immigrazione e lo sar\u00e0 anche la Romania, come lo era stata in passato. Il libro ricorda che tra fine &#8216;800 e la seconda guerra vi si trasferirono 130.000 italiani, soprattutto da Friuli e Veneto, per lavori perlopi\u00f9 stagionali.\u201d (fonte <a href=\"http:\/\/www.stranieriinitalia.it\/attualita-oltre_un_milione_di_romeni_in_italia_6265.html\">Stranieri in Italia<\/a>)<\/span><\/p>\n<p class=\"MsoNormal\" style=\"margin: 0cm 0cm 0pt; line-height: normal; text-align: justify;\"><span style=\"font-size: 10pt; font-family: &quot;Arial&quot;,&quot;sans-serif&quot;;\">\u00a0<\/span><\/p>\n<p class=\"MsoNormal\" style=\"margin: 0cm 0cm 0pt; line-height: normal; text-align: justify;\"><span style=\"font-size: 10pt; font-family: &quot;Arial&quot;,&quot;sans-serif&quot;;\">Una breve presentazione del volume, in romeno, si pu\u00f2\u00a0leggere <a href=\"http:\/\/www.mae.ro\/poze_editare\/2008.10.28_Fundatia_Caritas.pdf\">qui<\/a>.<\/span><\/p>\n","protected":false},"excerpt":{"rendered":"<p>Ieri, 28.10.2008, la Caritas italiana a presentato, presso il Ministero degli Esteri a Bucarest un volume intitolato \u201cRomania. Immigrazione e&hellip;<\/p>\n","protected":false},"author":1,"featured_media":0,"comment_status":"open","ping_status":"open","sticky":false,"template":"","format":"standard","meta":{"footnotes":""},"categories":[3],"tags":[41,8,40,36,27],"class_list":["post-48","post","type-post","status-publish","format-standard","hentry","category-mediazione","tag-caritas","tag-immigrazione","tag-integrazione","tag-lavoro","tag-romeni"],"_links":{"self":[{"href":"https:\/\/www.trcris.com\/blog\/wp-json\/wp\/v2\/posts\/48","targetHints":{"allow":["GET"]}}],"collection":[{"href":"https:\/\/www.trcris.com\/blog\/wp-json\/wp\/v2\/posts"}],"about":[{"href":"https:\/\/www.trcris.com\/blog\/wp-json\/wp\/v2\/types\/post"}],"author":[{"embeddable":true,"href":"https:\/\/www.trcris.com\/blog\/wp-json\/wp\/v2\/users\/1"}],"replies":[{"embeddable":true,"href":"https:\/\/www.trcris.com\/blog\/wp-json\/wp\/v2\/comments?post=48"}],"version-history":[{"count":0,"href":"https:\/\/www.trcris.com\/blog\/wp-json\/wp\/v2\/posts\/48\/revisions"}],"wp:attachment":[{"href":"https:\/\/www.trcris.com\/blog\/wp-json\/wp\/v2\/media?parent=48"}],"wp:term":[{"taxonomy":"category","embeddable":true,"href":"https:\/\/www.trcris.com\/blog\/wp-json\/wp\/v2\/categories?post=48"},{"taxonomy":"post_tag","embeddable":true,"href":"https:\/\/www.trcris.com\/blog\/wp-json\/wp\/v2\/tags?post=48"}],"curies":[{"name":"wp","href":"https:\/\/api.w.org\/{rel}","templated":true}]}}